{"id":1378,"date":"2026-01-07T14:39:00","date_gmt":"2026-01-07T14:39:00","guid":{"rendered":"https:\/\/radiofestivaali.fi\/?p=1378"},"modified":"2026-03-30T14:50:44","modified_gmt":"2026-03-30T14:50:44","slug":"vuoden-2026-radiofestivaali-jarjestetaanhuhtikuussa-22-24-4-helsingissa","status":"publish","type":"post","link":"https:\/\/radiofestivaali.fi\/?p=1378","title":{"rendered":"Vuoden 2026 Radiofestivaali j\u00e4rjestet\u00e4\u00e4n 22. \u2013 24.4. Helsingiss\u00e4"},"content":{"rendered":"\n<p><br><strong>Radiofestivaali tarjoaa media-alan opiskelijoille ja kaikille audioalasta kiinnostuneille ainutlaatuisen mahdollisuuden saada t\u00f6ist\u00e4\u00e4n ammattilaisten palautetta, luoda arvokkaita kontakteja ja inspiroitua muiden audiotekij\u00f6iden kanssa.<\/strong><\/p>\n\n\n\n<p>Vuonna 2026 Radiofestivaali k\u00e4ynnistyy keskiviikkona 22.4.2026 klo 17 kaikille avoimella PodiKlubilla Kulttuurikeskus Stoan Musiikkisalissa. Varsinaiset festivaalip\u00e4iv\u00e4t ovat torstaista klo 10 perjantaihin klo 16. Ilmoittautuminen Radiofestivaalin kilpailusarjoihin on 9.3. &#8211; 31.3.2026. Festivaalien tarkempi aikataulu ja finalistit ilmoitetaan huhtikuun alussa Radiofestivaalin nettisivuilla. Teosten t\u00e4ytyy olla toteutettu aikav\u00e4lill\u00e4 31.3.2025-31.3.2026.<\/p>\n\n\n\n<p>Dokumentti- ja juontajakilpailuun voi osallistua ainoastaan ammattikorkeakoulun, yliopiston, toisen asteen koulutuksen, kansanopiston tai mediapajatoiminnan kautta. <\/p>\n\n\n\n<p>Podcast-sarjassa kisataan kahdessa sarjassa: Opiskelija ja Yleinen. Yleiseen sarjaan toivomme kilpailut\u00f6it\u00e4 kaikilta \u00e4\u00e4nikerronnasta kiinnostuneilta. Tarkemmat ohjeet kaikista sarjoista ja s\u00e4\u00e4nn\u00f6ist\u00e4 l\u00f6ytyv\u00e4t Radiofestivaalin nettisivulta kohdasta \u201cS\u00e4\u00e4nn\u00f6t\u201d.<\/p>\n\n\n\n<p>Vuoden 2026 Radiofestivaalin j\u00e4rjest\u00e4jin\u00e4 toimivat \u00c4\u00e4nipolku ry, Helsingin kaupungin nuorisopalveluiden Signaalimedia, Laajasalon opisto, Metropolia Ammattikorkeakoulu sek\u00e4 Taide- ja kulttuurivirasto KUVI.<\/p>\n\n\n\n<p><\/p>\n","protected":false},"excerpt":{"rendered":"<p>Radiofestivaali tarjoaa media-alan opiskelijoille ja kaikille audioalasta kiinnostuneille ainutlaatuisen mahdollisuuden saada t\u00f6ist\u00e4\u00e4n ammattilaisten palautetta, luoda arvokkaita kontakteja ja inspiroitua muiden audiotekij\u00f6iden kanssa. Vuonna 2026 Radiofestivaali k\u00e4ynnistyy keskiviikkona 22.4.2026 klo 17 kaikille avoimella PodiKlubilla Kulttuurikeskus Stoan Musiikkisalissa. Varsinaiset festivaalip\u00e4iv\u00e4t ovat torstaista klo 10 perjantaihin klo 16. Ilmoittautuminen Radiofestivaalin kilpailusarjoihin on 9.3. &#8211; 31.3.2026. Festivaalien tarkempi aikataulu [&hellip;]<\/p>\n","protected":false},"author":1,"featured_media":0,"comment_status":"open","ping_status":"open","sticky":false,"template":"","format":"standard","meta":{"footnotes":""},"categories":[10],"tags":[],"class_list":["post-1378","post","type-post","status-publish","format-standard","hentry","category-10"],"_links":{"self":[{"href":"https:\/\/radiofestivaali.fi\/index.php?rest_route=\/wp\/v2\/posts\/1378","targetHints":{"allow":["GET"]}}],"collection":[{"href":"https:\/\/radiofestivaali.fi\/index.php?rest_route=\/wp\/v2\/posts"}],"about":[{"href":"https:\/\/radiofestivaali.fi\/index.php?rest_route=\/wp\/v2\/types\/post"}],"author":[{"embeddable":true,"href":"https:\/\/radiofestivaali.fi\/index.php?rest_route=\/wp\/v2\/users\/1"}],"replies":[{"embeddable":true,"href":"https:\/\/radiofestivaali.fi\/index.php?rest_route=%2Fwp%2Fv2%2Fcomments&post=1378"}],"version-history":[{"count":3,"href":"https:\/\/radiofestivaali.fi\/index.php?rest_route=\/wp\/v2\/posts\/1378\/revisions"}],"predecessor-version":[{"id":1381,"href":"https:\/\/radiofestivaali.fi\/index.php?rest_route=\/wp\/v2\/posts\/1378\/revisions\/1381"}],"wp:attachment":[{"href":"https:\/\/radiofestivaali.fi\/index.php?rest_route=%2Fwp%2Fv2%2Fmedia&parent=1378"}],"wp:term":[{"taxonomy":"category","embeddable":true,"href":"https:\/\/radiofestivaali.fi\/index.php?rest_route=%2Fwp%2Fv2%2Fcategories&post=1378"},{"taxonomy":"post_tag","embeddable":true,"href":"https:\/\/radiofestivaali.fi\/index.php?rest_route=%2Fwp%2Fv2%2Ftags&post=1378"}],"curies":[{"name":"wp","href":"https:\/\/api.w.org\/{rel}","templated":true}]}}