{"id":1383,"date":"2026-03-09T09:51:00","date_gmt":"2026-03-09T09:51:00","guid":{"rendered":"https:\/\/radiofestivaali.fi\/?p=1383"},"modified":"2026-03-30T14:54:12","modified_gmt":"2026-03-30T14:54:12","slug":"ilmoittautuminen-radiofestivaalin-kilpailusarjoihin-on-nyt-auki","status":"publish","type":"post","link":"https:\/\/radiofestivaali.fi\/?p=1383","title":{"rendered":"Ilmoittautuminen Radiofestivaalin kilpailusarjoihin on nyt auki!"},"content":{"rendered":"\n<p>Ilmoittautuminen vuoden 2026 Radiofestivaalin kilpailusarjoihin on alkanut maanantaina 9.3. T\u00f6iden viimeinen toimittamisp\u00e4iv\u00e4 on tiistai 31.3. ja finalistit ilmoitetaan perjantaina 10.4. Radiofestivaalin nettisivuilla.<\/p>\n\n\n\n<p>Radiofestivaali on media-alan opiskelijoiden ja ammattilaisten<br>kohtaamispaikka. Festivaali tarjoaa alan opiskelijoille ainutlaatuisen tilaisuuden kisata teoksillaan ja taidoillaan valtakunnallisella tasolla dokumentti-, juontaja- ja podcast-kilpailusarjoissa.<br><\/p>\n\n\n\n<p>Vuonna 2026 Radiofestivaali k\u00e4ynnistyy keskiviikkona 22.4. kaikille avoimella PodiKlubilla Kulttuurikeskus Stoassa. Varsinaiset festivaalip\u00e4iv\u00e4t ovat torstaina 23.4. Laajasalon opistossa perjantaina 24.4. Taide- ja kulttuurivirastossa.<\/p>\n\n\n\n<p>Vuoden 2026 Radiofestivaalilla on kolme kilpailusarjaa:<\/p>\n\n\n\n<ul class=\"wp-block-list\">\n<li>Dokumenttisarja,<\/li>\n\n\n\n<li>Juontajasarja<\/li>\n\n\n\n<li>Podcast-sarja (Opiskelija ja Yleinen).<\/li>\n<\/ul>\n\n\n\n<p>Dokumenttisarjaan ja juontajakilpailuun voi osallistua ainoastaan media-alaa opiskelevat kansanopiston, ammattikorkeakoulun, yliopiston, toisen asteen koulutuksen tai mediapajatoiminnan kautta. Podcast-sarjassa on kaksi alasarjaa: Opiskelija- ja kaikille avoin Yleinen-sarja. J\u00e4lkimm\u00e4iseen toivomme kilpailut\u00f6it\u00e4 kaikilta \u00e4\u00e4nikerronnasta kiinnostuneilta.<\/p>\n\n\n\n<p>Vuonna 2026 Radiofestivaalia j\u00e4rjest\u00e4v\u00e4t yhteisty\u00f6ss\u00e4 Helsingin kaupunki, Laajasalon opisto, Taide- ja kulttuurivirasto sek\u00e4 Metropolia.<\/p>\n\n\n\n<p>Yhteystiedot:<br>aanipolku@gmail.com<br>tai Eevi Savolainen, +358 40 642 7544<\/p>\n","protected":false},"excerpt":{"rendered":"<p>Ilmoittautuminen vuoden 2026 Radiofestivaalin kilpailusarjoihin on alkanut maanantaina 9.3. T\u00f6iden viimeinen toimittamisp\u00e4iv\u00e4 on tiistai 31.3. ja finalistit ilmoitetaan perjantaina 10.4. Radiofestivaalin nettisivuilla. Radiofestivaali on media-alan opiskelijoiden ja ammattilaistenkohtaamispaikka. Festivaali tarjoaa alan opiskelijoille ainutlaatuisen tilaisuuden kisata teoksillaan ja taidoillaan valtakunnallisella tasolla dokumentti-, juontaja- ja podcast-kilpailusarjoissa. Vuonna 2026 Radiofestivaali k\u00e4ynnistyy keskiviikkona 22.4. kaikille avoimella PodiKlubilla Kulttuurikeskus Stoassa. [&hellip;]<\/p>\n","protected":false},"author":1,"featured_media":0,"comment_status":"open","ping_status":"open","sticky":false,"template":"","format":"standard","meta":{"footnotes":""},"categories":[10],"tags":[],"class_list":["post-1383","post","type-post","status-publish","format-standard","hentry","category-10"],"_links":{"self":[{"href":"https:\/\/radiofestivaali.fi\/index.php?rest_route=\/wp\/v2\/posts\/1383","targetHints":{"allow":["GET"]}}],"collection":[{"href":"https:\/\/radiofestivaali.fi\/index.php?rest_route=\/wp\/v2\/posts"}],"about":[{"href":"https:\/\/radiofestivaali.fi\/index.php?rest_route=\/wp\/v2\/types\/post"}],"author":[{"embeddable":true,"href":"https:\/\/radiofestivaali.fi\/index.php?rest_route=\/wp\/v2\/users\/1"}],"replies":[{"embeddable":true,"href":"https:\/\/radiofestivaali.fi\/index.php?rest_route=%2Fwp%2Fv2%2Fcomments&post=1383"}],"version-history":[{"count":1,"href":"https:\/\/radiofestivaali.fi\/index.php?rest_route=\/wp\/v2\/posts\/1383\/revisions"}],"predecessor-version":[{"id":1384,"href":"https:\/\/radiofestivaali.fi\/index.php?rest_route=\/wp\/v2\/posts\/1383\/revisions\/1384"}],"wp:attachment":[{"href":"https:\/\/radiofestivaali.fi\/index.php?rest_route=%2Fwp%2Fv2%2Fmedia&parent=1383"}],"wp:term":[{"taxonomy":"category","embeddable":true,"href":"https:\/\/radiofestivaali.fi\/index.php?rest_route=%2Fwp%2Fv2%2Fcategories&post=1383"},{"taxonomy":"post_tag","embeddable":true,"href":"https:\/\/radiofestivaali.fi\/index.php?rest_route=%2Fwp%2Fv2%2Ftags&post=1383"}],"curies":[{"name":"wp","href":"https:\/\/api.w.org\/{rel}","templated":true}]}}