{"id":1386,"date":"2026-04-02T14:04:14","date_gmt":"2026-04-02T14:04:14","guid":{"rendered":"https:\/\/radiofestivaali.fi\/?p=1386"},"modified":"2026-04-02T14:04:44","modified_gmt":"2026-04-02T14:04:44","slug":"ilmoittautuminen-on-paattynyt","status":"publish","type":"post","link":"https:\/\/radiofestivaali.fi\/?p=1386","title":{"rendered":"Ilmoittautuminen on p\u00e4\u00e4ttynyt"},"content":{"rendered":"\n<p>Kilpailut\u00f6it\u00e4 tuli sen verran runsaasti, ett\u00e4 esiraati k\u00e4y t\u00f6it\u00e4 nyt l\u00e4pi.<\/p>\n\n\n\n<p>Julkistamme vuoden 2026 festivaaleille valitut ty\u00f6t ja tarkemman ohjelman\u00a0<a href=\"https:\/\/radiofestivaali.fi\/?page_id=1357\" target=\"_blank\" rel=\"noreferrer noopener\">Radiofestivaalien nettisivuilla<\/a>\u00a0perjantaina 10.4. Lis\u00e4ksi olemme erikseen viel\u00e4 yhteydess\u00e4 kaikkiin kilpailuun osallistuneisiin.<\/p>\n\n\n\n<p>Vuonna 2026 Radiofestivaali k\u00e4ynnistyy keskiviikkona 22.4.2026 kaikille avoimella PodiKlubilla\u00a0Kulttuurikeskus Stoan Musiikkisalissa\u00a0(os. Turunlinnantie 1, Helsinki) klo 17-19.\u00a0PodiKlubi on matalan kynnyksen kohtaamispaikka kaikille podcasteista kiinnostuneille. Tapahtumassa osallistujat p\u00e4\u00e4sev\u00e4t esittelem\u00e4\u00e4n omaa podcastiaan muille: kuuntelemme lyhyen p\u00e4tk\u00e4n jaksosta ja vaihdamme ajatuksia sen her\u00e4tt\u00e4mist\u00e4 teemoista. Lis\u00e4ksi kuulemme puheenvuoron aiheesta &#8221;<em>Onko vastuu podcastin kuulijalla?<\/em>&#8221;. Tuo siis oma podcastisi tai tule vain kuuntelemaan ja inspiroitumaan! Tapahtuma on ilmainen ja p\u00e4ihteet\u00f6n.<\/p>\n\n\n\n<p>Varsinaisia\u00a0festivaalip\u00e4ivi\u00e4 vietet\u00e4\u00e4n torstaina Laajasalon opistolla (os.\u00a0Kuukiventie 6, Helsinki) podcast- ja juontajasarjojen\u00a0parissa. Perjantaina kisataan dokumenttisarjassa Taide- ja kulttuurivirastolla (os. Kaikukatu 2c, Helsinki). Molemmat kisap\u00e4iv\u00e4t startataan klo 10 ja torstaina vietet\u00e4\u00e4n my\u00f6s Radiofestivaalien Iltabileit\u00e4\u00a0Laajasalon opistolla. <\/p>\n\n\n\n<p>Olet kaikkiin tapahtumiin l\u00e4mpim\u00e4sti tervetullut!<\/p>\n","protected":false},"excerpt":{"rendered":"<p>Kilpailut\u00f6it\u00e4 tuli sen verran runsaasti, ett\u00e4 esiraati k\u00e4y t\u00f6it\u00e4 nyt l\u00e4pi. Julkistamme vuoden 2026 festivaaleille valitut ty\u00f6t ja tarkemman ohjelman\u00a0Radiofestivaalien nettisivuilla\u00a0perjantaina 10.4. Lis\u00e4ksi olemme erikseen viel\u00e4 yhteydess\u00e4 kaikkiin kilpailuun osallistuneisiin. Vuonna 2026 Radiofestivaali k\u00e4ynnistyy keskiviikkona 22.4.2026 kaikille avoimella PodiKlubilla\u00a0Kulttuurikeskus Stoan Musiikkisalissa\u00a0(os. Turunlinnantie 1, Helsinki) klo 17-19.\u00a0PodiKlubi on matalan kynnyksen kohtaamispaikka kaikille podcasteista kiinnostuneille. Tapahtumassa osallistujat [&hellip;]<\/p>\n","protected":false},"author":1,"featured_media":0,"comment_status":"open","ping_status":"open","sticky":false,"template":"","format":"standard","meta":{"footnotes":""},"categories":[10],"tags":[],"class_list":["post-1386","post","type-post","status-publish","format-standard","hentry","category-10"],"_links":{"self":[{"href":"https:\/\/radiofestivaali.fi\/index.php?rest_route=\/wp\/v2\/posts\/1386","targetHints":{"allow":["GET"]}}],"collection":[{"href":"https:\/\/radiofestivaali.fi\/index.php?rest_route=\/wp\/v2\/posts"}],"about":[{"href":"https:\/\/radiofestivaali.fi\/index.php?rest_route=\/wp\/v2\/types\/post"}],"author":[{"embeddable":true,"href":"https:\/\/radiofestivaali.fi\/index.php?rest_route=\/wp\/v2\/users\/1"}],"replies":[{"embeddable":true,"href":"https:\/\/radiofestivaali.fi\/index.php?rest_route=%2Fwp%2Fv2%2Fcomments&post=1386"}],"version-history":[{"count":1,"href":"https:\/\/radiofestivaali.fi\/index.php?rest_route=\/wp\/v2\/posts\/1386\/revisions"}],"predecessor-version":[{"id":1387,"href":"https:\/\/radiofestivaali.fi\/index.php?rest_route=\/wp\/v2\/posts\/1386\/revisions\/1387"}],"wp:attachment":[{"href":"https:\/\/radiofestivaali.fi\/index.php?rest_route=%2Fwp%2Fv2%2Fmedia&parent=1386"}],"wp:term":[{"taxonomy":"category","embeddable":true,"href":"https:\/\/radiofestivaali.fi\/index.php?rest_route=%2Fwp%2Fv2%2Fcategories&post=1386"},{"taxonomy":"post_tag","embeddable":true,"href":"https:\/\/radiofestivaali.fi\/index.php?rest_route=%2Fwp%2Fv2%2Ftags&post=1386"}],"curies":[{"name":"wp","href":"https:\/\/api.w.org\/{rel}","templated":true}]}}